{"id":3033,"date":"2026-09-01T14:53:40","date_gmt":"2026-09-01T12:53:40","guid":{"rendered":"https:\/\/www.zsczudec.pl\/?p=3033"},"modified":"2026-09-01T14:53:40","modified_gmt":"2026-09-01T12:53:40","slug":"rozpoczecie-roku-szkolnego-2026-2027","status":"publish","type":"post","link":"https:\/\/www.zsczudec.pl\/?p=3033","title":{"rendered":"Rozpocz\u0119cie roku szkolnego 2026\/2027"},"content":{"rendered":"\n<p>W dniu dzisiejszym tj. <strong>1.09.2026 r<\/strong> odby\u0142a si\u0119 uroczysto\u015b\u0107 rozpocz\u0119cia roku szkolnego 2026\/2027. O godzinie 8 m\u0142odzie\u017c naszej szko\u0142y uczestniczy\u0142a w uroczystej mszy \u015bwi\u0119tej. Podczas kazania ks. Dominik m\u00f3wi\u0142 o konieczno\u015bci zabierania do szko\u0142y nie tylko plecaka ale r\u00f3wnie\u017c g\u0142owy gdzie powinna si\u0119 znale\u017a\u0107 wiedza, serca, ktorym obdarzymy innych i r\u0105k gotowych do pracy.<br>Nast\u0119pnie nasza m\u0142odzie\u017c przesz\u0142a do Zespo\u0142u Szk\u00f3\u0142 na uroczyst\u0105 inauguracj\u0119. Na uroczysto\u015bci obecna by\u0142a mi\u0119dzy innymi p. sekretarz powiatu strzy\u017cowskiego, Celina Ba\u0142chan, rodzice i ca\u0142a spo\u0142eczno\u015b\u0107 szkolna. Opr\u00f3cz tradycyjnych s\u0142\u00f3w inauguruj\u0105cych rok szkolny m\u00f3wiono o odpowiedzialno\u015bci, obowi\u0105zkowo\u015bci i podejmowania trud\u00f3w nauki dla dobra Ojczyzny. Nie zapomniano r\u00f3wnie\u017c o obchodach rocznicy wybuchu II wojny \u015bwiatowej. Nowi uczniowie klas I poznali swoich wychowawc\u00f3w i nowych nauczycieli. Wszystkim \u017cyczymy udanego, pe\u0142nego wyzwa\u0144 ale te\u017c sukces\u00f3w nowego roku szkolnego.<\/p>\n\n\n\n<figure class=\"wp-block-image size-large\"><img fetchpriority=\"high\" decoding=\"async\" width=\"1024\" height=\"683\" src=\"http:\/\/www.zsczudec.pl\/wp-content\/uploads\/IMG_6464-1024x683.jpg\" alt=\"\" class=\"wp-image-3026\" srcset=\"https:\/\/www.zsczudec.pl\/wp-content\/uploads\/IMG_6464-1024x683.jpg 1024w, https:\/\/www.zsczudec.pl\/wp-content\/uploads\/IMG_6464-300x200.jpg 300w, https:\/\/www.zsczudec.pl\/wp-content\/uploads\/IMG_6464-768x512.jpg 768w, https:\/\/www.zsczudec.pl\/wp-content\/uploads\/IMG_6464-1536x1024.jpg 1536w, https:\/\/www.zsczudec.pl\/wp-content\/uploads\/IMG_6464-2048x1365.jpg 2048w, https:\/\/www.zsczudec.pl\/wp-content\/uploads\/IMG_6464-1000x667.jpg 1000w, https:\/\/www.zsczudec.pl\/wp-content\/uploads\/IMG_6464-230x153.jpg 230w, https:\/\/www.zsczudec.pl\/wp-content\/uploads\/IMG_6464-350x233.jpg 350w, https:\/\/www.zsczudec.pl\/wp-content\/uploads\/IMG_6464-480x320.jpg 480w\" sizes=\"(max-width: 1024px) 100vw, 1024px\" \/><\/figure>\n\n\n\n<figure class=\"wp-block-image size-large\"><img decoding=\"async\" width=\"1024\" height=\"683\" src=\"http:\/\/www.zsczudec.pl\/wp-content\/uploads\/IMG_6455-1024x683.jpg\" alt=\"\" class=\"wp-image-3027\" srcset=\"https:\/\/www.zsczudec.pl\/wp-content\/uploads\/IMG_6455-1024x683.jpg 1024w, https:\/\/www.zsczudec.pl\/wp-content\/uploads\/IMG_6455-300x200.jpg 300w, https:\/\/www.zsczudec.pl\/wp-content\/uploads\/IMG_6455-768x512.jpg 768w, https:\/\/www.zsczudec.pl\/wp-content\/uploads\/IMG_6455-1536x1024.jpg 1536w, https:\/\/www.zsczudec.pl\/wp-content\/uploads\/IMG_6455-2048x1365.jpg 2048w, https:\/\/www.zsczudec.pl\/wp-content\/uploads\/IMG_6455-1000x667.jpg 1000w, https:\/\/www.zsczudec.pl\/wp-content\/uploads\/IMG_6455-230x153.jpg 230w, https:\/\/www.zsczudec.pl\/wp-content\/uploads\/IMG_6455-350x233.jpg 350w, https:\/\/www.zsczudec.pl\/wp-content\/uploads\/IMG_6455-480x320.jpg 480w\" sizes=\"(max-width: 1024px) 100vw, 1024px\" \/><\/figure>\n\n\n\n<figure class=\"wp-block-image size-large\"><img decoding=\"async\" width=\"1024\" height=\"683\" src=\"http:\/\/www.zsczudec.pl\/wp-content\/uploads\/IMG_6462-1024x683.jpg\" alt=\"\" class=\"wp-image-3028\" srcset=\"https:\/\/www.zsczudec.pl\/wp-content\/uploads\/IMG_6462-1024x683.jpg 1024w, https:\/\/www.zsczudec.pl\/wp-content\/uploads\/IMG_6462-300x200.jpg 300w, https:\/\/www.zsczudec.pl\/wp-content\/uploads\/IMG_6462-768x512.jpg 768w, https:\/\/www.zsczudec.pl\/wp-content\/uploads\/IMG_6462-1536x1024.jpg 1536w, https:\/\/www.zsczudec.pl\/wp-content\/uploads\/IMG_6462-2048x1365.jpg 2048w, https:\/\/www.zsczudec.pl\/wp-content\/uploads\/IMG_6462-1000x667.jpg 1000w, https:\/\/www.zsczudec.pl\/wp-content\/uploads\/IMG_6462-230x153.jpg 230w, https:\/\/www.zsczudec.pl\/wp-content\/uploads\/IMG_6462-350x233.jpg 350w, https:\/\/www.zsczudec.pl\/wp-content\/uploads\/IMG_6462-480x320.jpg 480w\" sizes=\"(max-width: 1024px) 100vw, 1024px\" \/><\/figure>\n\n\n\n<figure class=\"wp-block-image size-large\"><img loading=\"lazy\" decoding=\"async\" width=\"1024\" height=\"683\" src=\"http:\/\/www.zsczudec.pl\/wp-content\/uploads\/IMG_6451-1024x683.jpg\" alt=\"\" class=\"wp-image-3029\" srcset=\"https:\/\/www.zsczudec.pl\/wp-content\/uploads\/IMG_6451-1024x683.jpg 1024w, https:\/\/www.zsczudec.pl\/wp-content\/uploads\/IMG_6451-300x200.jpg 300w, https:\/\/www.zsczudec.pl\/wp-content\/uploads\/IMG_6451-768x512.jpg 768w, https:\/\/www.zsczudec.pl\/wp-content\/uploads\/IMG_6451-1536x1024.jpg 1536w, https:\/\/www.zsczudec.pl\/wp-content\/uploads\/IMG_6451-2048x1365.jpg 2048w, https:\/\/www.zsczudec.pl\/wp-content\/uploads\/IMG_6451-1000x667.jpg 1000w, https:\/\/www.zsczudec.pl\/wp-content\/uploads\/IMG_6451-230x153.jpg 230w, https:\/\/www.zsczudec.pl\/wp-content\/uploads\/IMG_6451-350x233.jpg 350w, https:\/\/www.zsczudec.pl\/wp-content\/uploads\/IMG_6451-480x320.jpg 480w\" sizes=\"(max-width: 1024px) 100vw, 1024px\" \/><\/figure>\n\n\n\n<figure class=\"wp-block-image size-large\"><img loading=\"lazy\" decoding=\"async\" width=\"1024\" height=\"683\" src=\"http:\/\/www.zsczudec.pl\/wp-content\/uploads\/IMG_6466-1024x683.jpg\" alt=\"\" class=\"wp-image-3030\" srcset=\"https:\/\/www.zsczudec.pl\/wp-content\/uploads\/IMG_6466-1024x683.jpg 1024w, https:\/\/www.zsczudec.pl\/wp-content\/uploads\/IMG_6466-300x200.jpg 300w, https:\/\/www.zsczudec.pl\/wp-content\/uploads\/IMG_6466-768x512.jpg 768w, https:\/\/www.zsczudec.pl\/wp-content\/uploads\/IMG_6466-1536x1024.jpg 1536w, https:\/\/www.zsczudec.pl\/wp-content\/uploads\/IMG_6466-2048x1365.jpg 2048w, https:\/\/www.zsczudec.pl\/wp-content\/uploads\/IMG_6466-1000x667.jpg 1000w, https:\/\/www.zsczudec.pl\/wp-content\/uploads\/IMG_6466-230x153.jpg 230w, https:\/\/www.zsczudec.pl\/wp-content\/uploads\/IMG_6466-350x233.jpg 350w, https:\/\/www.zsczudec.pl\/wp-content\/uploads\/IMG_6466-480x320.jpg 480w\" sizes=\"(max-width: 1024px) 100vw, 1024px\" \/><\/figure>\n\n\n\n<figure class=\"wp-block-image size-large\"><img loading=\"lazy\" decoding=\"async\" width=\"1024\" height=\"683\" src=\"http:\/\/www.zsczudec.pl\/wp-content\/uploads\/IMG_6469-1024x683.jpg\" alt=\"\" class=\"wp-image-3031\" srcset=\"https:\/\/www.zsczudec.pl\/wp-content\/uploads\/IMG_6469-1024x683.jpg 1024w, https:\/\/www.zsczudec.pl\/wp-content\/uploads\/IMG_6469-300x200.jpg 300w, https:\/\/www.zsczudec.pl\/wp-content\/uploads\/IMG_6469-768x512.jpg 768w, https:\/\/www.zsczudec.pl\/wp-content\/uploads\/IMG_6469-1536x1024.jpg 1536w, https:\/\/www.zsczudec.pl\/wp-content\/uploads\/IMG_6469-2048x1365.jpg 2048w, https:\/\/www.zsczudec.pl\/wp-content\/uploads\/IMG_6469-1000x667.jpg 1000w, https:\/\/www.zsczudec.pl\/wp-content\/uploads\/IMG_6469-230x153.jpg 230w, https:\/\/www.zsczudec.pl\/wp-content\/uploads\/IMG_6469-350x233.jpg 350w, https:\/\/www.zsczudec.pl\/wp-content\/uploads\/IMG_6469-480x320.jpg 480w\" sizes=\"(max-width: 1024px) 100vw, 1024px\" \/><\/figure>\n\n\n\n<figure class=\"wp-block-image size-large\"><img loading=\"lazy\" decoding=\"async\" width=\"1024\" height=\"683\" src=\"http:\/\/www.zsczudec.pl\/wp-content\/uploads\/IMG_6472-1024x683.jpg\" alt=\"\" class=\"wp-image-3032\" srcset=\"https:\/\/www.zsczudec.pl\/wp-content\/uploads\/IMG_6472-1024x683.jpg 1024w, https:\/\/www.zsczudec.pl\/wp-content\/uploads\/IMG_6472-300x200.jpg 300w, https:\/\/www.zsczudec.pl\/wp-content\/uploads\/IMG_6472-768x512.jpg 768w, https:\/\/www.zsczudec.pl\/wp-content\/uploads\/IMG_6472-1536x1024.jpg 1536w, https:\/\/www.zsczudec.pl\/wp-content\/uploads\/IMG_6472-2048x1365.jpg 2048w, https:\/\/www.zsczudec.pl\/wp-content\/uploads\/IMG_6472-1000x667.jpg 1000w, https:\/\/www.zsczudec.pl\/wp-content\/uploads\/IMG_6472-230x153.jpg 230w, https:\/\/www.zsczudec.pl\/wp-content\/uploads\/IMG_6472-350x233.jpg 350w, https:\/\/www.zsczudec.pl\/wp-content\/uploads\/IMG_6472-480x320.jpg 480w\" sizes=\"(max-width: 1024px) 100vw, 1024px\" \/><\/figure>\n","protected":false},"excerpt":{"rendered":"<p>W dniu dzisiejszym tj. 1.09.2026 r odby\u0142a si\u0119 uroczysto\u015b\u0107 rozpocz\u0119cia roku szkolnego 2026\/2027. O godzinie 8 m\u0142odzie\u017c naszej szko\u0142y uczestniczy\u0142a w uroczystej [&hellip;]<\/p>\n","protected":false},"author":1,"featured_media":0,"comment_status":"open","ping_status":"open","sticky":false,"template":"","format":"standard","meta":{"footnotes":""},"categories":[1],"tags":[],"class_list":["post-3033","post","type-post","status-publish","format-standard","hentry","category-bez-kategorii"],"_links":{"self":[{"href":"https:\/\/www.zsczudec.pl\/index.php?rest_route=\/wp\/v2\/posts\/3033","targetHints":{"allow":["GET"]}}],"collection":[{"href":"https:\/\/www.zsczudec.pl\/index.php?rest_route=\/wp\/v2\/posts"}],"about":[{"href":"https:\/\/www.zsczudec.pl\/index.php?rest_route=\/wp\/v2\/types\/post"}],"author":[{"embeddable":true,"href":"https:\/\/www.zsczudec.pl\/index.php?rest_route=\/wp\/v2\/users\/1"}],"replies":[{"embeddable":true,"href":"https:\/\/www.zsczudec.pl\/index.php?rest_route=%2Fwp%2Fv2%2Fcomments&post=3033"}],"version-history":[{"count":1,"href":"https:\/\/www.zsczudec.pl\/index.php?rest_route=\/wp\/v2\/posts\/3033\/revisions"}],"predecessor-version":[{"id":3034,"href":"https:\/\/www.zsczudec.pl\/index.php?rest_route=\/wp\/v2\/posts\/3033\/revisions\/3034"}],"wp:attachment":[{"href":"https:\/\/www.zsczudec.pl\/index.php?rest_route=%2Fwp%2Fv2%2Fmedia&parent=3033"}],"wp:term":[{"taxonomy":"category","embeddable":true,"href":"https:\/\/www.zsczudec.pl\/index.php?rest_route=%2Fwp%2Fv2%2Fcategories&post=3033"},{"taxonomy":"post_tag","embeddable":true,"href":"https:\/\/www.zsczudec.pl\/index.php?rest_route=%2Fwp%2Fv2%2Ftags&post=3033"}],"curies":[{"name":"wp","href":"https:\/\/api.w.org\/{rel}","templated":true}]}}