{"id":2730,"date":"2025-11-11T09:27:11","date_gmt":"2025-11-11T08:27:11","guid":{"rendered":"https:\/\/www.zsczudec.pl\/?p=2730"},"modified":"2025-11-20T09:37:07","modified_gmt":"2025-11-20T08:37:07","slug":"polsko-ty-zawsze-wiernych-mialas-synow","status":"publish","type":"post","link":"https:\/\/www.zsczudec.pl\/?p=2730","title":{"rendered":"Polsko Ty zawsze wiernych mia\u0142a\u015b syn\u00f3w."},"content":{"rendered":"\n<p>Pod takim has\u0142em nasi uczniowie \u015bwi\u0119towali obchody \u015awi\u0119ta Niepodleg\u0142o\u015bci Polski zar\u00f3wno w szkole jak i w powiecie.<\/p>\n\n\n\n<figure class=\"wp-block-image size-large\"><img fetchpriority=\"high\" decoding=\"async\" width=\"1024\" height=\"683\" src=\"https:\/\/www.zsczudec.pl\/wp-content\/uploads\/IMG_5243-1024x683.jpg\" alt=\"\" class=\"wp-image-2731\" srcset=\"https:\/\/www.zsczudec.pl\/wp-content\/uploads\/IMG_5243-1024x683.jpg 1024w, https:\/\/www.zsczudec.pl\/wp-content\/uploads\/IMG_5243-300x200.jpg 300w, https:\/\/www.zsczudec.pl\/wp-content\/uploads\/IMG_5243-768x512.jpg 768w, https:\/\/www.zsczudec.pl\/wp-content\/uploads\/IMG_5243-1536x1024.jpg 1536w, https:\/\/www.zsczudec.pl\/wp-content\/uploads\/IMG_5243-2048x1365.jpg 2048w, https:\/\/www.zsczudec.pl\/wp-content\/uploads\/IMG_5243-1000x667.jpg 1000w, https:\/\/www.zsczudec.pl\/wp-content\/uploads\/IMG_5243-230x153.jpg 230w, https:\/\/www.zsczudec.pl\/wp-content\/uploads\/IMG_5243-350x233.jpg 350w, https:\/\/www.zsczudec.pl\/wp-content\/uploads\/IMG_5243-480x320.jpg 480w\" sizes=\"(max-width: 1024px) 100vw, 1024px\" \/><\/figure>\n\n\n\n<figure class=\"wp-block-image size-large\"><img decoding=\"async\" width=\"1024\" height=\"683\" src=\"https:\/\/www.zsczudec.pl\/wp-content\/uploads\/IMG_5236-1024x683.jpg\" alt=\"\" class=\"wp-image-2732\" srcset=\"https:\/\/www.zsczudec.pl\/wp-content\/uploads\/IMG_5236-1024x683.jpg 1024w, https:\/\/www.zsczudec.pl\/wp-content\/uploads\/IMG_5236-300x200.jpg 300w, https:\/\/www.zsczudec.pl\/wp-content\/uploads\/IMG_5236-768x512.jpg 768w, https:\/\/www.zsczudec.pl\/wp-content\/uploads\/IMG_5236-1536x1024.jpg 1536w, https:\/\/www.zsczudec.pl\/wp-content\/uploads\/IMG_5236-2048x1365.jpg 2048w, https:\/\/www.zsczudec.pl\/wp-content\/uploads\/IMG_5236-1000x667.jpg 1000w, https:\/\/www.zsczudec.pl\/wp-content\/uploads\/IMG_5236-230x153.jpg 230w, https:\/\/www.zsczudec.pl\/wp-content\/uploads\/IMG_5236-350x233.jpg 350w, https:\/\/www.zsczudec.pl\/wp-content\/uploads\/IMG_5236-480x320.jpg 480w\" sizes=\"(max-width: 1024px) 100vw, 1024px\" \/><\/figure>\n\n\n\n<figure class=\"wp-block-image size-large\"><img decoding=\"async\" width=\"1024\" height=\"683\" src=\"https:\/\/www.zsczudec.pl\/wp-content\/uploads\/IMG_5239-1024x683.jpg\" alt=\"\" class=\"wp-image-2733\" srcset=\"https:\/\/www.zsczudec.pl\/wp-content\/uploads\/IMG_5239-1024x683.jpg 1024w, https:\/\/www.zsczudec.pl\/wp-content\/uploads\/IMG_5239-300x200.jpg 300w, https:\/\/www.zsczudec.pl\/wp-content\/uploads\/IMG_5239-768x512.jpg 768w, https:\/\/www.zsczudec.pl\/wp-content\/uploads\/IMG_5239-1536x1024.jpg 1536w, https:\/\/www.zsczudec.pl\/wp-content\/uploads\/IMG_5239-2048x1365.jpg 2048w, https:\/\/www.zsczudec.pl\/wp-content\/uploads\/IMG_5239-1000x667.jpg 1000w, https:\/\/www.zsczudec.pl\/wp-content\/uploads\/IMG_5239-230x153.jpg 230w, https:\/\/www.zsczudec.pl\/wp-content\/uploads\/IMG_5239-350x233.jpg 350w, https:\/\/www.zsczudec.pl\/wp-content\/uploads\/IMG_5239-480x320.jpg 480w\" sizes=\"(max-width: 1024px) 100vw, 1024px\" \/><\/figure>\n\n\n\n<figure class=\"wp-block-image size-large\"><img loading=\"lazy\" decoding=\"async\" width=\"1024\" height=\"683\" src=\"https:\/\/www.zsczudec.pl\/wp-content\/uploads\/IMG_5246-1024x683.jpg\" alt=\"\" class=\"wp-image-2734\" srcset=\"https:\/\/www.zsczudec.pl\/wp-content\/uploads\/IMG_5246-1024x683.jpg 1024w, https:\/\/www.zsczudec.pl\/wp-content\/uploads\/IMG_5246-300x200.jpg 300w, https:\/\/www.zsczudec.pl\/wp-content\/uploads\/IMG_5246-768x512.jpg 768w, https:\/\/www.zsczudec.pl\/wp-content\/uploads\/IMG_5246-1536x1024.jpg 1536w, https:\/\/www.zsczudec.pl\/wp-content\/uploads\/IMG_5246-2048x1365.jpg 2048w, https:\/\/www.zsczudec.pl\/wp-content\/uploads\/IMG_5246-1000x667.jpg 1000w, https:\/\/www.zsczudec.pl\/wp-content\/uploads\/IMG_5246-230x153.jpg 230w, https:\/\/www.zsczudec.pl\/wp-content\/uploads\/IMG_5246-350x233.jpg 350w, https:\/\/www.zsczudec.pl\/wp-content\/uploads\/IMG_5246-480x320.jpg 480w\" sizes=\"(max-width: 1024px) 100vw, 1024px\" \/><\/figure>\n\n\n\n<figure class=\"wp-block-image size-large\"><img loading=\"lazy\" decoding=\"async\" width=\"472\" height=\"1024\" src=\"https:\/\/www.zsczudec.pl\/wp-content\/uploads\/a6b5f200-2b3b-4299-b6da-ce1f38134d8c-472x1024.jpeg\" alt=\"\" class=\"wp-image-2735\" srcset=\"https:\/\/www.zsczudec.pl\/wp-content\/uploads\/a6b5f200-2b3b-4299-b6da-ce1f38134d8c-472x1024.jpeg 472w, https:\/\/www.zsczudec.pl\/wp-content\/uploads\/a6b5f200-2b3b-4299-b6da-ce1f38134d8c-138x300.jpeg 138w, https:\/\/www.zsczudec.pl\/wp-content\/uploads\/a6b5f200-2b3b-4299-b6da-ce1f38134d8c-708x1536.jpeg 708w, https:\/\/www.zsczudec.pl\/wp-content\/uploads\/a6b5f200-2b3b-4299-b6da-ce1f38134d8c-230x499.jpeg 230w, https:\/\/www.zsczudec.pl\/wp-content\/uploads\/a6b5f200-2b3b-4299-b6da-ce1f38134d8c-350x759.jpeg 350w, https:\/\/www.zsczudec.pl\/wp-content\/uploads\/a6b5f200-2b3b-4299-b6da-ce1f38134d8c-480x1041.jpeg 480w, https:\/\/www.zsczudec.pl\/wp-content\/uploads\/a6b5f200-2b3b-4299-b6da-ce1f38134d8c.jpeg 738w\" sizes=\"(max-width: 472px) 100vw, 472px\" \/><\/figure>\n","protected":false},"excerpt":{"rendered":"<p>Pod takim has\u0142em nasi uczniowie \u015bwi\u0119towali obchody \u015awi\u0119ta Niepodleg\u0142o\u015bci Polski zar\u00f3wno w szkole jak i w powiecie.<\/p>\n","protected":false},"author":1,"featured_media":0,"comment_status":"open","ping_status":"open","sticky":false,"template":"","format":"standard","meta":{"footnotes":""},"categories":[1],"tags":[],"class_list":["post-2730","post","type-post","status-publish","format-standard","hentry","category-bez-kategorii"],"_links":{"self":[{"href":"https:\/\/www.zsczudec.pl\/index.php?rest_route=\/wp\/v2\/posts\/2730","targetHints":{"allow":["GET"]}}],"collection":[{"href":"https:\/\/www.zsczudec.pl\/index.php?rest_route=\/wp\/v2\/posts"}],"about":[{"href":"https:\/\/www.zsczudec.pl\/index.php?rest_route=\/wp\/v2\/types\/post"}],"author":[{"embeddable":true,"href":"https:\/\/www.zsczudec.pl\/index.php?rest_route=\/wp\/v2\/users\/1"}],"replies":[{"embeddable":true,"href":"https:\/\/www.zsczudec.pl\/index.php?rest_route=%2Fwp%2Fv2%2Fcomments&post=2730"}],"version-history":[{"count":1,"href":"https:\/\/www.zsczudec.pl\/index.php?rest_route=\/wp\/v2\/posts\/2730\/revisions"}],"predecessor-version":[{"id":2736,"href":"https:\/\/www.zsczudec.pl\/index.php?rest_route=\/wp\/v2\/posts\/2730\/revisions\/2736"}],"wp:attachment":[{"href":"https:\/\/www.zsczudec.pl\/index.php?rest_route=%2Fwp%2Fv2%2Fmedia&parent=2730"}],"wp:term":[{"taxonomy":"category","embeddable":true,"href":"https:\/\/www.zsczudec.pl\/index.php?rest_route=%2Fwp%2Fv2%2Fcategories&post=2730"},{"taxonomy":"post_tag","embeddable":true,"href":"https:\/\/www.zsczudec.pl\/index.php?rest_route=%2Fwp%2Fv2%2Ftags&post=2730"}],"curies":[{"name":"wp","href":"https:\/\/api.w.org\/{rel}","templated":true}]}}