{"id":1589,"date":"2022-01-28T13:42:53","date_gmt":"2022-01-28T12:42:53","guid":{"rendered":"https:\/\/www.zsczudec.pl\/?p=1589"},"modified":"2022-01-28T13:42:53","modified_gmt":"2022-01-28T12:42:53","slug":"ogolnopolski-konkurs-literacki-o-kwiat-tulipanowca","status":"publish","type":"post","link":"https:\/\/www.zsczudec.pl\/?p=1589","title":{"rendered":"Og\u00f3lnopolski konkurs literacki &#8222;O Kwiat Tulipanowca&#8221;."},"content":{"rendered":"\n<p>Zapraszamy wszystkich zainteresowanych histori\u0105, kultur\u0105 i tradycjami regionu strzy\u017cowskiego do udzia\u0142u w konkursie literackim &#8222;O Kwiat Tulipanowca&#8221;.<\/p>\n\n\n\n<p>Szczeg\u00f3\u0142y pod adresem: <a href=\"https:\/\/l.facebook.com\/l.php?u=https%3A%2F%2Fok-czudec.pl%2Faktualnosci%2Fogolnopolski-konkurs-literacki-o-kwiat-tulipanowca%2C200%3Ffbclid%3DIwAR0Cjmyy3LL0h57wmXHkYAtTe8kUEiWVpJZMi40JRaJpPmw4bhuD9uxQS5k&amp;h=AT2TIUYfpiSsTFsHgNXxlAQoPNqJNdKdaxTeBB8h6HYZ-OIY_ZaFK8pnfcURh-OKVk-Erz3J3VkO367zcbdYJJ8-U5Zycxp9vN6d8cRCO4GqTQiW9fUSHA2dffq3cpRiZqIoGdXCVIf1I-QiqXwR&amp;__tn__=-UK-y-R&amp;c[0]=AT1oimmW97M_q1kfXCFJZ3StccDhxcSBJUxJxej0R6c1WcMHq7bqDSk45ze-Ncr-UCOdKUWT6i4iY5val_r9gQpkUCGDKUqSSWkJqalbUK8rcH0Qr11HfKMzNvv3s6vl13cAn4Uj8MNH3-Y5iNmjKee5u2lSEu3SBn4_-BTJWEmA_JUp9200ikd_2eMpCp9ioO0vH0rRdUDVaNcF6hgUCllxm6rrX43fm7PfMQ_MbQY3YdtjuXvK8xVc\">https:\/\/l.facebook.com\/l.php?u=https%3A%2F%2Fok-czudec.pl%2Faktualnosci%2Fogolnopolski-konkurs-literacki-o-kwiat-tulipanowca%2C200%3Ffbclid%3DIwAR0Cjmyy3LL0h57wmXHkYAtTe8kUEiWVpJZMi40JRaJpPmw4bhuD9uxQS5k&amp;h=AT2TIUYfpiSsTFsHgNXxlAQoPNqJNdKdaxTeBB8h6HYZ-OIY_ZaFK8pnfcURh-OKVk-Erz3J3VkO367zcbdYJJ8-U5Zycxp9vN6d8cRCO4GqTQiW9fUSHA2dffq3cpRiZqIoGdXCVIf1I-QiqXwR&amp;__tn__=-UK-y-R&amp;c[0]=AT1oimmW97M_q1kfXCFJZ3StccDhxcSBJUxJxej0R6c1WcMHq7bqDSk45ze-Ncr-UCOdKUWT6i4iY5val_r9gQpkUCGDKUqSSWkJqalbUK8rcH0Qr11HfKMzNvv3s6vl13cAn4Uj8MNH3-Y5iNmjKee5u2lSEu3SBn4_-BTJWEmA_JUp9200ikd_2eMpCp9ioO0vH0rRdUDVaNcF6hgUCllxm6rrX43fm7PfMQ_MbQY3YdtjuXvK8xVc<\/a><\/p>\n\n\n\n<figure class=\"wp-block-image size-large\"><img fetchpriority=\"high\" decoding=\"async\" width=\"499\" height=\"734\" src=\"http:\/\/www.zsczudec.pl\/wp-content\/uploads\/2022\/01\/O-Kwiat-Tulipanowca-1.jpg\" alt=\"\" class=\"wp-image-1588\" srcset=\"https:\/\/www.zsczudec.pl\/wp-content\/uploads\/2022\/01\/O-Kwiat-Tulipanowca-1.jpg 499w, https:\/\/www.zsczudec.pl\/wp-content\/uploads\/2022\/01\/O-Kwiat-Tulipanowca-1-204x300.jpg 204w, https:\/\/www.zsczudec.pl\/wp-content\/uploads\/2022\/01\/O-Kwiat-Tulipanowca-1-230x338.jpg 230w, https:\/\/www.zsczudec.pl\/wp-content\/uploads\/2022\/01\/O-Kwiat-Tulipanowca-1-350x515.jpg 350w, https:\/\/www.zsczudec.pl\/wp-content\/uploads\/2022\/01\/O-Kwiat-Tulipanowca-1-480x706.jpg 480w\" sizes=\"(max-width: 499px) 100vw, 499px\" \/><\/figure>\n\n\n\n<p><\/p>\n","protected":false},"excerpt":{"rendered":"<p>Zapraszamy wszystkich zainteresowanych histori\u0105, kultur\u0105 i tradycjami regionu strzy\u017cowskiego do udzia\u0142u w konkursie literackim &#8222;O Kwiat Tulipanowca&#8221;. Szczeg\u00f3\u0142y pod adresem: https:\/\/l.facebook.com\/l.php?u=https%3A%2F%2Fok-czudec.pl%2Faktualnosci%2Fogolnopolski-konkurs-literacki-o-kwiat-tulipanowca%2C200%3Ffbclid%3DIwAR0Cjmyy3LL0h57wmXHkYAtTe8kUEiWVpJZMi40JRaJpPmw4bhuD9uxQS5k&amp;h=AT2TIUYfpiSsTFsHgNXxlAQoPNqJNdKdaxTeBB8h6HYZ-OIY_ZaFK8pnfcURh-OKVk-Erz3J3VkO367zcbdYJJ8-U5Zycxp9vN6d8cRCO4GqTQiW9fUSHA2dffq3cpRiZqIoGdXCVIf1I-QiqXwR&amp;__tn__=-UK-y-R&amp;c[0]=AT1oimmW97M_q1kfXCFJZ3StccDhxcSBJUxJxej0R6c1WcMHq7bqDSk45ze-Ncr-UCOdKUWT6i4iY5val_r9gQpkUCGDKUqSSWkJqalbUK8rcH0Qr11HfKMzNvv3s6vl13cAn4Uj8MNH3-Y5iNmjKee5u2lSEu3SBn4_-BTJWEmA_JUp9200ikd_2eMpCp9ioO0vH0rRdUDVaNcF6hgUCllxm6rrX43fm7PfMQ_MbQY3YdtjuXvK8xVc<\/p>\n","protected":false},"author":1,"featured_media":0,"comment_status":"open","ping_status":"open","sticky":false,"template":"","format":"standard","meta":{"footnotes":""},"categories":[1],"tags":[],"class_list":["post-1589","post","type-post","status-publish","format-standard","hentry","category-bez-kategorii"],"_links":{"self":[{"href":"https:\/\/www.zsczudec.pl\/index.php?rest_route=\/wp\/v2\/posts\/1589","targetHints":{"allow":["GET"]}}],"collection":[{"href":"https:\/\/www.zsczudec.pl\/index.php?rest_route=\/wp\/v2\/posts"}],"about":[{"href":"https:\/\/www.zsczudec.pl\/index.php?rest_route=\/wp\/v2\/types\/post"}],"author":[{"embeddable":true,"href":"https:\/\/www.zsczudec.pl\/index.php?rest_route=\/wp\/v2\/users\/1"}],"replies":[{"embeddable":true,"href":"https:\/\/www.zsczudec.pl\/index.php?rest_route=%2Fwp%2Fv2%2Fcomments&post=1589"}],"version-history":[{"count":1,"href":"https:\/\/www.zsczudec.pl\/index.php?rest_route=\/wp\/v2\/posts\/1589\/revisions"}],"predecessor-version":[{"id":1590,"href":"https:\/\/www.zsczudec.pl\/index.php?rest_route=\/wp\/v2\/posts\/1589\/revisions\/1590"}],"wp:attachment":[{"href":"https:\/\/www.zsczudec.pl\/index.php?rest_route=%2Fwp%2Fv2%2Fmedia&parent=1589"}],"wp:term":[{"taxonomy":"category","embeddable":true,"href":"https:\/\/www.zsczudec.pl\/index.php?rest_route=%2Fwp%2Fv2%2Fcategories&post=1589"},{"taxonomy":"post_tag","embeddable":true,"href":"https:\/\/www.zsczudec.pl\/index.php?rest_route=%2Fwp%2Fv2%2Ftags&post=1589"}],"curies":[{"name":"wp","href":"https:\/\/api.w.org\/{rel}","templated":true}]}}